{"id":1037,"date":"2024-04-24T12:44:45","date_gmt":"2024-04-24T12:44:45","guid":{"rendered":"https:\/\/ninetheme.com\/themes\/r-energy\/onsite-solar-to-power-2\/"},"modified":"2024-09-08T15:03:48","modified_gmt":"2024-09-08T15:03:48","slug":"icci-2024te-hesiad-surdurulebilir-bir-gelecek-icin-hidroelektrik-2","status":"publish","type":"post","link":"https:\/\/hesiad.org.tr\/en\/icci-2024te-hesiad-surdurulebilir-bir-gelecek-icin-hidroelektrik-2\/","title":{"rendered":"HES\u0130AD at ICCI 2024: Hydropower for a Sustainable Future"},"content":{"rendered":"<p>Renewable Energy NGOs at ICCI 2024: The Future of the Industry Discussed!<\/p>\n<p>Yesterday, during the 6th session of ICCI 2024 titled \"Renewable Energy NGOs,\" key figures from the industry gathered to exchange ideas about the future of renewable energy.<\/p>\n<p>The session was moderated by Cem \u00d6zk\u00f6k, Chairman of G\u00dcYAD.<\/p>\n<p>Speakers:<\/p>\n<p>Elvan Tu\u011fsuz G\u00fcven, Chairwoman of HES\u0130AD<\/p>\n<p>Ufuk \u015eent\u00fcrk, Chairman of JESDER<\/p>\n<p>Ender \u00d6zatay, Vice Chairman of T\u00dcREB, Responsible for Industry<\/p>\n<p>Ersel Tabak, General Secretary of B\u0130YOGAZDER<\/p>\n<blockquote>\n<div class=\"col-md-9\">\n<div class=\"blog-list blog-single\">\n<div class=\"post-content\">\n<div class=\"post-text\">\n<p>The speakers emphasized the significant role renewable energy can play in meeting Turkey's energy needs and contributing to the economy.<\/p>\n<\/div>\n<\/div>\n<\/div>\n<\/div>\n<\/blockquote>\n<p>The panel covered topics such as:<\/p>\n<p>The contributions of renewable energy NGOs to the sector,<\/p>\n<p>Current developments and future vision for the industry,<\/p>\n<p>The importance of renewable energy for Turkey's energy security and sustainable development,<\/p>\n<p>The need for increased investment<\/p>\n<p>in this field.<\/p>","protected":false},"excerpt":{"rendered":"<p>ICCI 2024&#8217;te Yenilenebilir Enerji STK&#8217;lar\u0131 Bir Arada: Sekt\u00f6r\u00fcn Gelece\u011fi Tart\u0131\u015f\u0131ld\u0131! D\u00fcn ICCI 2024&#8217;te &#8220;Yenilenebilir Enerji STK&#8217;lar\u0131&#8221; ba\u015fl\u0131kl\u0131 6. oturumda sekt\u00f6r\u00fcn \u00f6nde gelen isimleri bir araya gelerek yenilenebilir enerjinin gelece\u011fi hakk\u0131nda fikir al\u0131\u015fveri\u015finde bulundular. Oturuma G\u00dcYAD Y\u00f6netim Kurulu Ba\u015fkan\u0131 Cem \u00d6zk\u00f6k moderat\u00f6rl\u00fck yapt\u0131. Konu\u015fmac\u0131lar: HES\u0130AD Ba\u015fkan\u0131 Elvan Tu\u011fsuz G\u00fcven JESDER Ba\u015fkan\u0131 Ufuk \u015eENT\u00dcRK T\u00dcREB Sanayiden Sorumlu&#8230;<\/p>","protected":false},"author":1,"featured_media":5360,"comment_status":"closed","ping_status":"closed","sticky":false,"template":"","format":"standard","meta":{"_acf_changed":false,"footnotes":""},"categories":[27],"tags":[],"class_list":{"0":"post-1037","1":"post","2":"type-post","3":"status-publish","4":"format-standard","5":"has-post-thumbnail","6":"hentry","7":"category-hesiad-haberler","8":"nt-post-class","9":"","15":"excerpt-none"},"acf":[],"_links":{"self":[{"href":"https:\/\/hesiad.org.tr\/en\/wp-json\/wp\/v2\/posts\/1037","targetHints":{"allow":["GET"]}}],"collection":[{"href":"https:\/\/hesiad.org.tr\/en\/wp-json\/wp\/v2\/posts"}],"about":[{"href":"https:\/\/hesiad.org.tr\/en\/wp-json\/wp\/v2\/types\/post"}],"author":[{"embeddable":true,"href":"https:\/\/hesiad.org.tr\/en\/wp-json\/wp\/v2\/users\/1"}],"replies":[{"embeddable":true,"href":"https:\/\/hesiad.org.tr\/en\/wp-json\/wp\/v2\/comments?post=1037"}],"version-history":[{"count":0,"href":"https:\/\/hesiad.org.tr\/en\/wp-json\/wp\/v2\/posts\/1037\/revisions"}],"wp:featuredmedia":[{"embeddable":true,"href":"https:\/\/hesiad.org.tr\/en\/wp-json\/wp\/v2\/media\/5360"}],"wp:attachment":[{"href":"https:\/\/hesiad.org.tr\/en\/wp-json\/wp\/v2\/media?parent=1037"}],"wp:term":[{"taxonomy":"category","embeddable":true,"href":"https:\/\/hesiad.org.tr\/en\/wp-json\/wp\/v2\/categories?post=1037"},{"taxonomy":"post_tag","embeddable":true,"href":"https:\/\/hesiad.org.tr\/en\/wp-json\/wp\/v2\/tags?post=1037"}],"curies":[{"name":"wp","href":"https:\/\/api.w.org\/{rel}","templated":true}]}}