{"id":7030,"date":"2025-07-22T15:21:35","date_gmt":"2025-07-22T15:21:35","guid":{"rendered":"https:\/\/hesiad.org.tr\/?p=7030"},"modified":"2025-07-23T15:29:26","modified_gmt":"2025-07-23T15:29:26","slug":"basin-yansimalari-2","status":"publish","type":"post","link":"https:\/\/hesiad.org.tr\/en\/basin-yansimalari-2\/","title":{"rendered":"&#x1f50a; Bas\u0131n Yans\u0131malar\u0131"},"content":{"rendered":"<div data-elementor-type=\"wp-post\" data-elementor-id=\"7030\" class=\"elementor elementor-7030\" data-elementor-post-type=\"post\">\n\t\t\t\t<div class=\"elementor-element elementor-element-433bd252 e-flex e-con-boxed e-con e-parent\" data-id=\"433bd252\" data-element_type=\"container\" data-e-type=\"container\">\n\t\t\t\t\t<div class=\"e-con-inner\">\n\t\t\t\t<div class=\"elementor-element elementor-element-d36a14b elementor-widget elementor-widget-text-editor\" data-id=\"d36a14b\" data-element_type=\"widget\" data-e-type=\"widget\" data-widget_type=\"text-editor.default\">\n\t\t\t\t<div class=\"elementor-widget-container\">\n\t\t\t\t\t\t\t\t\t<p data-start=\"210\" data-end=\"478\">Kurakl\u0131kla M\u00fccadelede B\u00fct\u00fcnle\u015fik Yakla\u015f\u0131m \u015eart<\/p><p data-start=\"210\" data-end=\"478\">HES\u0130AD Y\u00f6netim Kurulu Ba\u015fkan\u0131 Elvan Tu\u011fsuz G\u00fcven, hem <strong data-start=\"264\" data-end=\"286\">Yat\u0131r\u0131mlar Dergisi<\/strong> hem de <strong data-start=\"294\" data-end=\"307\">Petrot\u00fcrk<\/strong>\u2019e verdi\u011fi r\u00f6portajlarda, hidroelektrik santrallerin sadece enerji \u00fcretiminde de\u011fil, ayn\u0131 zamanda <strong data-start=\"405\" data-end=\"458\">kurakl\u0131kla m\u00fccadelede de stratejik bir role sahip<\/strong> oldu\u011funu vurgulad\u0131.<\/p><p data-start=\"480\" data-end=\"750\">Ba\u015fkan G\u00fcven, <strong data-start=\"494\" data-end=\"515\">hibrit santraller<\/strong>, <strong data-start=\"517\" data-end=\"546\">pompaj depolamal\u0131 HES\u2019ler<\/strong> ve <strong data-start=\"550\" data-end=\"577\">havza bazl\u0131 su y\u00f6netimi<\/strong> gibi \u00e7\u00f6z\u00fcmlerle b\u00fct\u00fcnle\u015fik bir planlaman\u0131n \u015fart oldu\u011funu, aksi halde uzun vadeli lisanslara ra\u011fmen <strong data-start=\"677\" data-end=\"716\">kullan\u0131lamayan &#8220;hayalet tesislerle&#8221;<\/strong> kar\u015f\u0131la\u015f\u0131labilece\u011fini ifade etti.<\/p><p data-start=\"752\" data-end=\"1017\">Ayr\u0131ca HES\u2019lerin kurulu g\u00fcc\u00fcn %27\u2019sini olu\u015fturmas\u0131na ra\u011fmen, 2025\u2019in ilk yar\u0131s\u0131nda \u00fcretimin %20\u2019sini kar\u015f\u0131lad\u0131\u011f\u0131na dikkat \u00e7ekerek, sekt\u00f6r\u00fcn s\u00fcrd\u00fcr\u00fclebilirli\u011fi i\u00e7in <strong data-start=\"916\" data-end=\"987\">sistem kullan\u0131m bedelleri ve yat\u0131r\u0131m te\u015fviklerine y\u00f6nelik d\u00fczenleme<\/strong> ihtiyac\u0131n\u0131 kamuoyuna duyurdu.<\/p><p data-start=\"1019\" data-end=\"1107\">\ud83d\udd17 Yay\u0131na yer verdikleri i\u00e7in <strong data-start=\"1049\" data-end=\"1071\">Yat\u0131r\u0131mlar Dergisi<\/strong> ve <strong data-start=\"1075\" data-end=\"1088\">Petrot\u00fcrk<\/strong>\u2019e te\u015fekk\u00fcr ederiz.<\/p><p data-start=\"1109\" data-end=\"1224\">\ud83d\udcce Haberlerin tamam\u0131 i\u00e7in:<\/p><p data-start=\"1109\" data-end=\"1224\"><a class=\"\" href=\"https:\/\/yatirimlar.com\/haber\/hesiad-baskani-elvan-tugsuz-guven-den-kritik-uyari_237758\" rel=\"noopener\" data-start=\"1138\" data-end=\"1184\">Yat\u0131r\u0131mlar Dergisi<\/a><br data-start=\"1184\" data-end=\"1187\" \/><a class=\"\" href=\"https:\/\/www.petroturk.com\/elektrik-haberleri\/hesiad-dan-kritik-uyari\" rel=\"noopener\" data-start=\"1187\" data-end=\"1224\">Petrot\u00fcrk<\/a><\/p>\t\t\t\t\t\t\t\t<\/div>\n\t\t\t\t<\/div>\n\t\t\t\t\t<\/div>\n\t\t\t\t<\/div>\n\t\t<div class=\"elementor-element elementor-element-cb8494c e-flex e-con-boxed e-con e-parent\" data-id=\"cb8494c\" data-element_type=\"container\" data-e-type=\"container\">\n\t\t\t\t\t<div class=\"e-con-inner\">\n\t\t\t\t\t<\/div>\n\t\t\t\t<\/div>\n\t\t\t\t<\/div>","protected":false},"excerpt":{"rendered":"<p>Kurakl\u0131kla M\u00fccadelede B\u00fct\u00fcnle\u015fik Yakla\u015f\u0131m \u015eart HES\u0130AD Y\u00f6netim Kurulu Ba\u015fkan\u0131 Elvan Tu\u011fsuz G\u00fcven, hem Yat\u0131r\u0131mlar Dergisi hem de Petrot\u00fcrk\u2019e verdi\u011fi r\u00f6portajlarda, hidroelektrik santrallerin sadece enerji \u00fcretiminde de\u011fil, ayn\u0131 zamanda kurakl\u0131kla m\u00fccadelede de stratejik bir role sahip oldu\u011funu vurgulad\u0131. Ba\u015fkan G\u00fcven, hibrit santraller, pompaj depolamal\u0131 HES\u2019ler ve havza bazl\u0131 su y\u00f6netimi gibi \u00e7\u00f6z\u00fcmlerle b\u00fct\u00fcnle\u015fik bir planlaman\u0131n \u015fart&#8230;<\/p>","protected":false},"author":2,"featured_media":0,"comment_status":"closed","ping_status":"closed","sticky":false,"template":"","format":"standard","meta":{"_acf_changed":false,"footnotes":""},"categories":[27],"tags":[],"class_list":{"0":"post-7030","1":"post","2":"type-post","3":"status-publish","4":"format-standard","5":"hentry","6":"category-hesiad-haberler","7":"nt-post-class","8":"","12":"thumb-none","14":"excerpt-none"},"acf":[],"_links":{"self":[{"href":"https:\/\/hesiad.org.tr\/en\/wp-json\/wp\/v2\/posts\/7030","targetHints":{"allow":["GET"]}}],"collection":[{"href":"https:\/\/hesiad.org.tr\/en\/wp-json\/wp\/v2\/posts"}],"about":[{"href":"https:\/\/hesiad.org.tr\/en\/wp-json\/wp\/v2\/types\/post"}],"author":[{"embeddable":true,"href":"https:\/\/hesiad.org.tr\/en\/wp-json\/wp\/v2\/users\/2"}],"replies":[{"embeddable":true,"href":"https:\/\/hesiad.org.tr\/en\/wp-json\/wp\/v2\/comments?post=7030"}],"version-history":[{"count":11,"href":"https:\/\/hesiad.org.tr\/en\/wp-json\/wp\/v2\/posts\/7030\/revisions"}],"predecessor-version":[{"id":7049,"href":"https:\/\/hesiad.org.tr\/en\/wp-json\/wp\/v2\/posts\/7030\/revisions\/7049"}],"wp:attachment":[{"href":"https:\/\/hesiad.org.tr\/en\/wp-json\/wp\/v2\/media?parent=7030"}],"wp:term":[{"taxonomy":"category","embeddable":true,"href":"https:\/\/hesiad.org.tr\/en\/wp-json\/wp\/v2\/categories?post=7030"},{"taxonomy":"post_tag","embeddable":true,"href":"https:\/\/hesiad.org.tr\/en\/wp-json\/wp\/v2\/tags?post=7030"}],"curies":[{"name":"wp","href":"https:\/\/api.w.org\/{rel}","templated":true}]}}