{"id":7045,"date":"2025-07-23T15:28:56","date_gmt":"2025-07-23T15:28:56","guid":{"rendered":"https:\/\/hesiad.org.tr\/?p=7045"},"modified":"2025-07-23T15:33:23","modified_gmt":"2025-07-23T15:33:23","slug":"tarihin-en-dusuk-seviyesi-cine-adnan-menderes-barajinda-alarm","status":"publish","type":"post","link":"https:\/\/hesiad.org.tr\/en\/tarihin-en-dusuk-seviyesi-cine-adnan-menderes-barajinda-alarm\/","title":{"rendered":"&#x1f534; Tarihin En D\u00fc\u015f\u00fck Seviyesi: \u00c7ine Adnan Menderes Baraj\u0131&#8217;nda Alarm"},"content":{"rendered":"<div data-elementor-type=\"wp-post\" data-elementor-id=\"7045\" class=\"elementor elementor-7045\" data-elementor-post-type=\"post\">\n\t\t\t\t<div class=\"elementor-element elementor-element-433bd252 e-flex e-con-boxed e-con e-parent\" data-id=\"433bd252\" data-element_type=\"container\" data-e-type=\"container\">\n\t\t\t\t\t<div class=\"e-con-inner\">\n\t\t\t\t<div class=\"elementor-element elementor-element-d36a14b elementor-widget elementor-widget-text-editor\" data-id=\"d36a14b\" data-element_type=\"widget\" data-e-type=\"widget\" data-widget_type=\"text-editor.default\">\n\t\t\t\t<div class=\"elementor-widget-container\">\n\t\t\t\t\t\t\t\t\t<p>Ayd\u0131n\u2019\u0131n tar\u0131m altyap\u0131s\u0131nda hayati rol oynayan, modern m\u00fchendislik teknikleriyle in\u015fa edilmi\u015f stratejik barajlardan biri olan \u00c7ine Adnan Menderes Baraj\u0131&#8217;nda su seviyesi tarihinin en d\u00fc\u015f\u00fck noktas\u0131na geriledi.<\/p><p>\ud83d\udcc9 350 milyon metrek\u00fcp depolama hacmine sahip barajda doluluk oran\u0131 sadece %12 seviyesine d\u00fc\u015ft\u00fc. G\u00f6vde alan\u0131nda suyun \u00e7ekilmesiyle olu\u015fan adac\u0131klar, kurakl\u0131\u011f\u0131n boyutunu a\u00e7\u0131k\u00e7a ortaya koyuyor.<\/p><p>Baraj; \u00c7ine, Ko\u00e7arl\u0131 ve S\u00f6ke Ovalar\u0131\u2019nda toplam 22.358 hektar tar\u0131m arazisinin sulanmas\u0131n\u0131, ayr\u0131ca 10.000 hektarl\u0131k alan\u0131n ta\u015fk\u0131nlardan korunmas\u0131n\u0131 sa\u011flamak amac\u0131yla in\u015fa edilmi\u015fti. Ayn\u0131 zamanda elektrik \u00fcretimi de ger\u00e7ekle\u015ftiren bu tesis, b\u00f6lgenin enerji, tar\u0131m ve \u00e7evre g\u00fcvenli\u011fi a\u00e7\u0131s\u0131ndan kritik \u00f6neme sahip.<\/p><p>\ud83c\udf0d Ayd\u0131n\u2019daki di\u011fer barajlarda da tablo benzer.<\/p><p>\u2022 Ad\u0131g\u00fczel Baraj\u0131 \u2013 %9<br \/>\u2022 Kemer Baraj\u0131 \u2013 %24<br \/>\u2022 \u0130kizdere Baraj\u0131 \u2013 %17<br \/>\u2022 Top\u00e7am Baraj\u0131 \u2013 %26<br \/>\u2022 Karacasu Baraj\u0131 \u2013 %53<br \/>\u2022 Karpuzlu-Yaylakavak Baraj\u0131 \u2013 %44<br \/>\u2022 G\u00f6kbel Baraj\u0131 \u2013 %57<\/p><p>Bu veriler, iklim de\u011fi\u015fikli\u011fiyle m\u00fccadelede suyun verimli kullan\u0131m\u0131, havza bazl\u0131 su planlamas\u0131 ve tar\u0131mda modern sulama sistemlerinin yayg\u0131nla\u015ft\u0131r\u0131lmas\u0131 gereklili\u011fini yeniden g\u00fcndeme ta\u015f\u0131yor.<\/p><p>Hidroelektrik santrallerimizin gelece\u011fi, yaln\u0131zca enerji stratejileriyle de\u011fil, do\u011fal kaynaklar\u0131 koruyan b\u00fct\u00fcnc\u00fcl politikalarla \u015fekillenebilir.<\/p><p>\ud83d\udccc Kaynak: <a href=\"https:\/\/www.milliyet.com.tr\/gundem\/turkiyenin-ve-avrupanin-1inci-dunyanin-5inci-en-buyuk-barajinda-alarm-tarihin-en-dusuk-seviyesinde-7410897\">https:\/\/www.milliyet.com.tr\/gundem<\/a><\/p>\t\t\t\t\t\t\t\t<\/div>\n\t\t\t\t<\/div>\n\t\t\t\t\t<\/div>\n\t\t\t\t<\/div>\n\t\t<div class=\"elementor-element elementor-element-cb8494c e-flex e-con-boxed e-con e-parent\" data-id=\"cb8494c\" data-element_type=\"container\" data-e-type=\"container\">\n\t\t\t\t\t<div class=\"e-con-inner\">\n\t\t\t\t\t<\/div>\n\t\t\t\t<\/div>\n\t\t\t\t<\/div>","protected":false},"excerpt":{"rendered":"<p>Ayd\u0131n\u2019\u0131n tar\u0131m altyap\u0131s\u0131nda hayati rol oynayan, modern m\u00fchendislik teknikleriyle in\u015fa edilmi\u015f stratejik barajlardan biri olan \u00c7ine Adnan Menderes Baraj\u0131&#8217;nda su seviyesi tarihinin en d\u00fc\u015f\u00fck noktas\u0131na geriledi. &#x1f4c9; 350 milyon metrek\u00fcp depolama hacmine sahip barajda doluluk oran\u0131 sadece %12 seviyesine d\u00fc\u015ft\u00fc. G\u00f6vde alan\u0131nda suyun \u00e7ekilmesiyle olu\u015fan adac\u0131klar, kurakl\u0131\u011f\u0131n boyutunu a\u00e7\u0131k\u00e7a ortaya koyuyor. Baraj; \u00c7ine, Ko\u00e7arl\u0131 ve&#8230;<\/p>","protected":false},"author":2,"featured_media":0,"comment_status":"closed","ping_status":"closed","sticky":false,"template":"","format":"standard","meta":{"_acf_changed":false,"footnotes":""},"categories":[27],"tags":[],"class_list":{"0":"post-7045","1":"post","2":"type-post","3":"status-publish","4":"format-standard","5":"hentry","6":"category-hesiad-haberler","7":"nt-post-class","8":"","12":"thumb-none","14":"excerpt-none"},"acf":[],"_links":{"self":[{"href":"https:\/\/hesiad.org.tr\/en\/wp-json\/wp\/v2\/posts\/7045","targetHints":{"allow":["GET"]}}],"collection":[{"href":"https:\/\/hesiad.org.tr\/en\/wp-json\/wp\/v2\/posts"}],"about":[{"href":"https:\/\/hesiad.org.tr\/en\/wp-json\/wp\/v2\/types\/post"}],"author":[{"embeddable":true,"href":"https:\/\/hesiad.org.tr\/en\/wp-json\/wp\/v2\/users\/2"}],"replies":[{"embeddable":true,"href":"https:\/\/hesiad.org.tr\/en\/wp-json\/wp\/v2\/comments?post=7045"}],"version-history":[{"count":5,"href":"https:\/\/hesiad.org.tr\/en\/wp-json\/wp\/v2\/posts\/7045\/revisions"}],"predecessor-version":[{"id":7064,"href":"https:\/\/hesiad.org.tr\/en\/wp-json\/wp\/v2\/posts\/7045\/revisions\/7064"}],"wp:attachment":[{"href":"https:\/\/hesiad.org.tr\/en\/wp-json\/wp\/v2\/media?parent=7045"}],"wp:term":[{"taxonomy":"category","embeddable":true,"href":"https:\/\/hesiad.org.tr\/en\/wp-json\/wp\/v2\/categories?post=7045"},{"taxonomy":"post_tag","embeddable":true,"href":"https:\/\/hesiad.org.tr\/en\/wp-json\/wp\/v2\/tags?post=7045"}],"curies":[{"name":"wp","href":"https:\/\/api.w.org\/{rel}","templated":true}]}}