{"id":7059,"date":"2025-07-23T15:31:03","date_gmt":"2025-07-23T15:31:03","guid":{"rendered":"https:\/\/hesiad.org.tr\/?p=7059"},"modified":"2025-07-23T15:44:15","modified_gmt":"2025-07-23T15:44:15","slug":"basin-yansimalari-3","status":"publish","type":"post","link":"https:\/\/hesiad.org.tr\/en\/basin-yansimalari-3\/","title":{"rendered":"&#x1f50a; Bas\u0131n Yans\u0131malar\u0131"},"content":{"rendered":"<div data-elementor-type=\"wp-post\" data-elementor-id=\"7059\" class=\"elementor elementor-7059\" data-elementor-post-type=\"post\">\n\t\t\t\t<div class=\"elementor-element elementor-element-433bd252 e-flex e-con-boxed e-con e-parent\" data-id=\"433bd252\" data-element_type=\"container\" data-e-type=\"container\">\n\t\t\t\t\t<div class=\"e-con-inner\">\n\t\t\t\t<div class=\"elementor-element elementor-element-d36a14b elementor-widget elementor-widget-text-editor\" data-id=\"d36a14b\" data-element_type=\"widget\" data-e-type=\"widget\" data-widget_type=\"text-editor.default\">\n\t\t\t\t<div class=\"elementor-widget-container\">\n\t\t\t\t\t\t\t\t\t<p data-start=\"134\" data-end=\"209\"><strong data-start=\"134\" data-end=\"209\">Kurakl\u0131kla M\u00fccadelede Acil ve B\u00fct\u00fcnle\u015fik \u00c7\u00f6z\u00fcmler \u015eart<\/strong><\/p><p data-start=\"211\" data-end=\"515\">HES\u0130AD Y\u00f6netim Kurulu Ba\u015fkan\u0131 Elvan Tu\u011fsuz G\u00fcven, hem <strong data-start=\"265\" data-end=\"300\">Enerji ve \u00c7evre D\u00fcnyas\u0131 Dergisi<\/strong> hem de <strong data-start=\"308\" data-end=\"328\">Ekonomi Gazetesi<\/strong>&#8216;ne yapt\u0131\u011f\u0131 a\u00e7\u0131klamalarda, <strong data-start=\"355\" data-end=\"421\">kurakl\u0131\u011f\u0131n hidroelektrik santraller \u00fczerindeki y\u0131k\u0131c\u0131 etkisine<\/strong> dikkat \u00e7ekerek sekt\u00f6r\u00fcn s\u00fcrd\u00fcr\u00fclebilirli\u011fi i\u00e7in kritik \u00e7\u00f6z\u00fcm \u00f6nerilerini kamuoyuyla payla\u015ft\u0131.<\/p><p data-start=\"517\" data-end=\"794\">Ba\u015fkan G\u00fcven, <strong data-start=\"531\" data-end=\"558\">havza bazl\u0131 su y\u00f6netimi<\/strong>, <strong data-start=\"560\" data-end=\"600\">hibrit enerji yat\u0131r\u0131mlar\u0131n\u0131n te\u015fviki<\/strong>, <strong data-start=\"602\" data-end=\"658\">pompaj depolamal\u0131 sistemlerin h\u0131zla devreye al\u0131nmas\u0131<\/strong> ve <strong data-start=\"662\" data-end=\"726\">sistem kullan\u0131m bedellerinin fiili \u00fcretim \u00fczerinden al\u0131nmas\u0131<\/strong> gibi ad\u0131mlar\u0131n ivedilikle hayata ge\u00e7irilmesi gerekti\u011fini vurgulad\u0131.<\/p><p data-start=\"796\" data-end=\"1030\">\ud83d\udcac \u201c2030\u2019da su fakiri \u00fclke olma riskiyle kar\u015f\u0131 kar\u015f\u0131yay\u0131z. Elimizdeki kaynaklar\u0131 b\u00fct\u00fcnle\u015fik bir planlama ile en verimli \u015fekilde kullanmak zorunday\u0131z,\u201d diyen G\u00fcven, <strong data-start=\"960\" data-end=\"996\">hidroelektri\u011fin milli servetimiz<\/strong> oldu\u011funu bir kez daha hat\u0131rlatt\u0131.<\/p><p data-start=\"1032\" data-end=\"1144\">\ud83d\udccc Yay\u0131na yer veren <strong data-start=\"1052\" data-end=\"1087\">Enerji ve \u00c7evre D\u00fcnyas\u0131 Dergisi<\/strong>, <strong data-start=\"1089\" data-end=\"1109\">Ekonomi Gazetesi<\/strong> ve <strong data-start=\"1113\" data-end=\"1125\">Ekonomim<\/strong>\u2019e te\u015fekk\u00fcr ederiz.<\/p><p data-start=\"1146\" data-end=\"1312\">\ud83d\udd17 Haberlerin tamam\u0131 i\u00e7in:<br data-start=\"1172\" data-end=\"1175\" \/><a class=\"\" href=\"https:\/\/www.enerji-dunyasi.com\/yayin\/324\/hesiad-dan-kritik-uyari-milli-servetimize-sahip-cikma-zamani_37827.html\" rel=\"noopener\" data-start=\"1175\" data-end=\"1226\">Enerji ve \u00c7evre D\u00fcnyas\u0131<\/a><br data-start=\"1226\" data-end=\"1229\" \/><a class=\"\" href=\"https:\/\/www.ekonomigazetesi.com\/sektor-haberleri\/hesiad-sistem-kullanim-bedeli-yeniden-duzenlenmeli-hibrit-santrallere-izin-verilmeli-54662\" rel=\"noopener\" data-start=\"1229\" data-end=\"1273\">Ekonomi Gazetesi<\/a><br data-start=\"1273\" data-end=\"1276\" \/><a class=\"\" href=\"https:\/\/www.ekonomim.com\/sektorler\/hidroelektrik-ureticilerden-cagri-sistem-kullanim-bedeli-duzenlensin-hibrit-santrallere-izin-verilsin-haberi-832020\" rel=\"noopener\" data-start=\"1276\" data-end=\"1312\">Ekonomim<\/a><\/p>\t\t\t\t\t\t\t\t<\/div>\n\t\t\t\t<\/div>\n\t\t\t\t\t<\/div>\n\t\t\t\t<\/div>\n\t\t<div class=\"elementor-element elementor-element-cb8494c e-flex e-con-boxed e-con e-parent\" data-id=\"cb8494c\" data-element_type=\"container\" data-e-type=\"container\">\n\t\t\t\t\t<div class=\"e-con-inner\">\n\t\t\t\t\t<\/div>\n\t\t\t\t<\/div>\n\t\t\t\t<\/div>","protected":false},"excerpt":{"rendered":"<p>Kurakl\u0131kla M\u00fccadelede Acil ve B\u00fct\u00fcnle\u015fik \u00c7\u00f6z\u00fcmler \u015eart HES\u0130AD Y\u00f6netim Kurulu Ba\u015fkan\u0131 Elvan Tu\u011fsuz G\u00fcven, hem Enerji ve \u00c7evre D\u00fcnyas\u0131 Dergisi hem de Ekonomi Gazetesi&#8216;ne yapt\u0131\u011f\u0131 a\u00e7\u0131klamalarda, kurakl\u0131\u011f\u0131n hidroelektrik santraller \u00fczerindeki y\u0131k\u0131c\u0131 etkisine dikkat \u00e7ekerek sekt\u00f6r\u00fcn s\u00fcrd\u00fcr\u00fclebilirli\u011fi i\u00e7in kritik \u00e7\u00f6z\u00fcm \u00f6nerilerini kamuoyuyla payla\u015ft\u0131. Ba\u015fkan G\u00fcven, havza bazl\u0131 su y\u00f6netimi, hibrit enerji yat\u0131r\u0131mlar\u0131n\u0131n te\u015fviki, pompaj depolamal\u0131 sistemlerin&#8230;<\/p>","protected":false},"author":2,"featured_media":0,"comment_status":"closed","ping_status":"closed","sticky":false,"template":"","format":"standard","meta":{"_acf_changed":false,"footnotes":""},"categories":[27],"tags":[],"class_list":{"0":"post-7059","1":"post","2":"type-post","3":"status-publish","4":"format-standard","5":"hentry","6":"category-hesiad-haberler","7":"nt-post-class","8":"","12":"thumb-none","14":"excerpt-none"},"acf":[],"_links":{"self":[{"href":"https:\/\/hesiad.org.tr\/en\/wp-json\/wp\/v2\/posts\/7059","targetHints":{"allow":["GET"]}}],"collection":[{"href":"https:\/\/hesiad.org.tr\/en\/wp-json\/wp\/v2\/posts"}],"about":[{"href":"https:\/\/hesiad.org.tr\/en\/wp-json\/wp\/v2\/types\/post"}],"author":[{"embeddable":true,"href":"https:\/\/hesiad.org.tr\/en\/wp-json\/wp\/v2\/users\/2"}],"replies":[{"embeddable":true,"href":"https:\/\/hesiad.org.tr\/en\/wp-json\/wp\/v2\/comments?post=7059"}],"version-history":[{"count":4,"href":"https:\/\/hesiad.org.tr\/en\/wp-json\/wp\/v2\/posts\/7059\/revisions"}],"predecessor-version":[{"id":7083,"href":"https:\/\/hesiad.org.tr\/en\/wp-json\/wp\/v2\/posts\/7059\/revisions\/7083"}],"wp:attachment":[{"href":"https:\/\/hesiad.org.tr\/en\/wp-json\/wp\/v2\/media?parent=7059"}],"wp:term":[{"taxonomy":"category","embeddable":true,"href":"https:\/\/hesiad.org.tr\/en\/wp-json\/wp\/v2\/categories?post=7059"},{"taxonomy":"post_tag","embeddable":true,"href":"https:\/\/hesiad.org.tr\/en\/wp-json\/wp\/v2\/tags?post=7059"}],"curies":[{"name":"wp","href":"https:\/\/api.w.org\/{rel}","templated":true}]}}