{"id":7060,"date":"2025-07-23T15:31:06","date_gmt":"2025-07-23T15:31:06","guid":{"rendered":"https:\/\/hesiad.org.tr\/?p=7060"},"modified":"2025-07-23T15:45:40","modified_gmt":"2025-07-23T15:45:40","slug":"baraj-doluluk-oranlari-dusuyor-su-yonetimi-gundemde","status":"publish","type":"post","link":"https:\/\/hesiad.org.tr\/en\/baraj-doluluk-oranlari-dusuyor-su-yonetimi-gundemde\/","title":{"rendered":"&#x1f4a7; Baraj Doluluk Oranlar\u0131 D\u00fc\u015f\u00fcyor, Su Y\u00f6netimi G\u00fcndemde"},"content":{"rendered":"<div data-elementor-type=\"wp-post\" data-elementor-id=\"7060\" class=\"elementor elementor-7060\" data-elementor-post-type=\"post\">\n\t\t\t\t<div class=\"elementor-element elementor-element-433bd252 e-flex e-con-boxed e-con e-parent\" data-id=\"433bd252\" data-element_type=\"container\" data-e-type=\"container\">\n\t\t\t\t\t<div class=\"e-con-inner\">\n\t\t\t\t<div class=\"elementor-element elementor-element-d36a14b elementor-widget elementor-widget-text-editor\" data-id=\"d36a14b\" data-element_type=\"widget\" data-e-type=\"widget\" data-widget_type=\"text-editor.default\">\n\t\t\t\t<div class=\"elementor-widget-container\">\n\t\t\t\t\t\t\t\t\t<p>T\u00fcrkiye genelinde baraj doluluk oranlar\u0131nda ciddi d\u00fc\u015f\u00fc\u015fler ya\u015fan\u0131yor.<br \/>\u0130stanbul\u2019da %57, Ankara\u2019da %23, \u0130zmir Tahtal\u0131 Baraj\u0131\u2019nda ise %10 seviyelerine gerileyen doluluk oranlar\u0131, kurakl\u0131kla birlikte s\u00fcrd\u00fcr\u00fclebilir su y\u00f6netiminin \u00f6nemini bir kez daha ortaya koyuyor.<br \/><br \/>\ud83d\udcc9 Bursa\u2019da yakla\u015f\u0131k 2 ayl\u0131k su rezervi kald\u0131\u011f\u0131 belirtilirken; \u0130zmir\u2019de G\u00f6rdes Baraj\u0131 %0,08 oran\u0131na geriledi. Uzmanlar, suyun kamusal ve stratejik bir kaynak oldu\u011funa dikkat \u00e7ekerek yeralt\u0131 sular\u0131n\u0131n korunmas\u0131, ya\u011fmur suyu hasad\u0131, ar\u0131tma sistemleri ve tar\u0131msal su verimlili\u011fi gibi konulara odaklan\u0131lmas\u0131 gerekti\u011fini vurguluyor.<br \/><br \/>\ud83d\udca1 HES\u0130AD olarak, su kaynaklar\u0131n\u0131n verimli ve b\u00fct\u00fcnc\u00fcl bir yakla\u015f\u0131mla y\u00f6netilmesinin, sadece hidroelektrik \u00fcretimi i\u00e7in de\u011fil, t\u00fcm ya\u015fam alanlar\u0131 i\u00e7in kritik oldu\u011funun alt\u0131n\u0131 \u00e7iziyoruz. Su politikalar\u0131n\u0131n uzun vadeli, bilim temelli ve b\u00f6lgesel ihtiya\u00e7lara g\u00f6re \u015fekillendirilmesi gerekti\u011fine inan\u0131yoruz.<br \/><br \/>\ud83d\udd17 Haberin tamam\u0131: <a class=\"icZEwaEXFdsQkNEzPGPZvPcFXAEnhiburFinFQ\" tabindex=\"0\" href=\"https:\/\/www.birgun.net\/haber\/barajlar-dip-yapti-susuzluk-buyudu-639789\" data-test-app-aware-link=\"\">Birg\u00fcn.net<\/a><\/p>\t\t\t\t\t\t\t\t<\/div>\n\t\t\t\t<\/div>\n\t\t\t\t\t<\/div>\n\t\t\t\t<\/div>\n\t\t<div class=\"elementor-element elementor-element-cb8494c e-flex e-con-boxed e-con e-parent\" data-id=\"cb8494c\" data-element_type=\"container\" data-e-type=\"container\">\n\t\t\t\t\t<div class=\"e-con-inner\">\n\t\t\t\t\t<\/div>\n\t\t\t\t<\/div>\n\t\t\t\t<\/div>","protected":false},"excerpt":{"rendered":"<p>T\u00fcrkiye genelinde baraj doluluk oranlar\u0131nda ciddi d\u00fc\u015f\u00fc\u015fler ya\u015fan\u0131yor.\u0130stanbul\u2019da %57, Ankara\u2019da %23, \u0130zmir Tahtal\u0131 Baraj\u0131\u2019nda ise %10 seviyelerine gerileyen doluluk oranlar\u0131, kurakl\u0131kla birlikte s\u00fcrd\u00fcr\u00fclebilir su y\u00f6netiminin \u00f6nemini bir kez daha ortaya koyuyor. &#x1f4c9; Bursa\u2019da yakla\u015f\u0131k 2 ayl\u0131k su rezervi kald\u0131\u011f\u0131 belirtilirken; \u0130zmir\u2019de G\u00f6rdes Baraj\u0131 %0,08 oran\u0131na geriledi. Uzmanlar, suyun kamusal ve stratejik bir kaynak oldu\u011funa dikkat&#8230;<\/p>","protected":false},"author":2,"featured_media":0,"comment_status":"closed","ping_status":"closed","sticky":false,"template":"","format":"standard","meta":{"_acf_changed":false,"footnotes":""},"categories":[27],"tags":[],"class_list":{"0":"post-7060","1":"post","2":"type-post","3":"status-publish","4":"format-standard","5":"hentry","6":"category-hesiad-haberler","7":"nt-post-class","8":"","12":"thumb-none","14":"excerpt-none"},"acf":[],"_links":{"self":[{"href":"https:\/\/hesiad.org.tr\/en\/wp-json\/wp\/v2\/posts\/7060","targetHints":{"allow":["GET"]}}],"collection":[{"href":"https:\/\/hesiad.org.tr\/en\/wp-json\/wp\/v2\/posts"}],"about":[{"href":"https:\/\/hesiad.org.tr\/en\/wp-json\/wp\/v2\/types\/post"}],"author":[{"embeddable":true,"href":"https:\/\/hesiad.org.tr\/en\/wp-json\/wp\/v2\/users\/2"}],"replies":[{"embeddable":true,"href":"https:\/\/hesiad.org.tr\/en\/wp-json\/wp\/v2\/comments?post=7060"}],"version-history":[{"count":4,"href":"https:\/\/hesiad.org.tr\/en\/wp-json\/wp\/v2\/posts\/7060\/revisions"}],"predecessor-version":[{"id":7087,"href":"https:\/\/hesiad.org.tr\/en\/wp-json\/wp\/v2\/posts\/7060\/revisions\/7087"}],"wp:attachment":[{"href":"https:\/\/hesiad.org.tr\/en\/wp-json\/wp\/v2\/media?parent=7060"}],"wp:term":[{"taxonomy":"category","embeddable":true,"href":"https:\/\/hesiad.org.tr\/en\/wp-json\/wp\/v2\/categories?post=7060"},{"taxonomy":"post_tag","embeddable":true,"href":"https:\/\/hesiad.org.tr\/en\/wp-json\/wp\/v2\/tags?post=7060"}],"curies":[{"name":"wp","href":"https:\/\/api.w.org\/{rel}","templated":true}]}}