{"id":754,"date":"2024-05-27T12:42:16","date_gmt":"2024-05-27T12:42:16","guid":{"rendered":"https:\/\/ninetheme.com\/themes\/r-energy\/?p=754"},"modified":"2024-09-08T14:57:12","modified_gmt":"2024-09-08T14:57:12","slug":"hesiad-yonetim-kurulu-baskani-gundem-enerjideydi","status":"publish","type":"post","link":"https:\/\/hesiad.org.tr\/en\/hesiad-yonetim-kurulu-baskani-gundem-enerjideydi\/","title":{"rendered":"HES\u0130AD Chairwoman on G\u00fcndem Enerji"},"content":{"rendered":"<p>Our Chairwoman, Elvan Tu\u011fsuz G\u00fcven, was a guest on TRT1 Radio's \"G\u00fcndem Enerji\" program on Monday, May 27th, at 4:00 PM. During the program, she shared insights on the latest developments in the sector, HES\u0130AD's ongoing activities, and energy policies.<\/p>\n<blockquote><p>The program was hosted by Mr. B\u00fclent Kaya, Advisor to the President of EPDK. We extend our sincere thanks to him for his kind invitation and his contributions to the sector.<\/p><\/blockquote>\n<p>For those who missed the live broadcast, you can listen to the program <a href=\"https:\/\/radyo.trt.net.tr\/\">https:\/\/radyo.trt.net.tr\/<\/a> or <a href=\"https:\/\/lnkd.in\/dU62AHU3\">https:\/\/lnkd.in\/dU62AHU3<\/a> again at<\/p>","protected":false},"excerpt":{"rendered":"<p>HES\u0130AD Y\u00f6netim Kurulu Ba\u015fkan\u0131m\u0131z Elvan Tu\u011fsuz G\u00fcven, 27 May\u0131s Pazartesi g\u00fcn\u00fc saat 16:00\u2019da TRT1 Radyo\u2019nun \u201cG\u00fcndem Enerji\u201d program\u0131na konuk oldu. Programda sekt\u00f6rdeki g\u00fcncel geli\u015fmeler, HES\u0130AD\u2019\u0131n \u00e7al\u0131\u015fmalar\u0131 ve enerji politikalar\u0131 gibi konularda bilgiler verdi. Program\u0131n sunumunu EPDK Ba\u015fkan Dan\u0131\u015fman\u0131 Sn. B\u00fclent Kaya ger\u00e7ekle\u015ftirdi. Kendisine nazik daveti ve sekt\u00f6re emekleri i\u00e7in te\u015fekk\u00fcrlerimizi sunar\u0131z. Program\u0131 canl\u0131 olarak dinleyemeyenler&#8230;<\/p>","protected":false},"author":1,"featured_media":5371,"comment_status":"closed","ping_status":"closed","sticky":false,"template":"","format":"standard","meta":{"_acf_changed":false,"footnotes":""},"categories":[27],"tags":[],"class_list":{"0":"post-754","1":"post","2":"type-post","3":"status-publish","4":"format-standard","5":"has-post-thumbnail","6":"hentry","7":"category-hesiad-haberler","8":"nt-post-class","9":"","15":"excerpt-none"},"acf":[],"_links":{"self":[{"href":"https:\/\/hesiad.org.tr\/en\/wp-json\/wp\/v2\/posts\/754","targetHints":{"allow":["GET"]}}],"collection":[{"href":"https:\/\/hesiad.org.tr\/en\/wp-json\/wp\/v2\/posts"}],"about":[{"href":"https:\/\/hesiad.org.tr\/en\/wp-json\/wp\/v2\/types\/post"}],"author":[{"embeddable":true,"href":"https:\/\/hesiad.org.tr\/en\/wp-json\/wp\/v2\/users\/1"}],"replies":[{"embeddable":true,"href":"https:\/\/hesiad.org.tr\/en\/wp-json\/wp\/v2\/comments?post=754"}],"version-history":[{"count":0,"href":"https:\/\/hesiad.org.tr\/en\/wp-json\/wp\/v2\/posts\/754\/revisions"}],"wp:featuredmedia":[{"embeddable":true,"href":"https:\/\/hesiad.org.tr\/en\/wp-json\/wp\/v2\/media\/5371"}],"wp:attachment":[{"href":"https:\/\/hesiad.org.tr\/en\/wp-json\/wp\/v2\/media?parent=754"}],"wp:term":[{"taxonomy":"category","embeddable":true,"href":"https:\/\/hesiad.org.tr\/en\/wp-json\/wp\/v2\/categories?post=754"},{"taxonomy":"post_tag","embeddable":true,"href":"https:\/\/hesiad.org.tr\/en\/wp-json\/wp\/v2\/tags?post=754"}],"curies":[{"name":"wp","href":"https:\/\/api.w.org\/{rel}","templated":true}]}}